{"id":3125,"date":"2025-04-14T02:18:38","date_gmt":"2025-04-14T06:18:38","guid":{"rendered":"https:\/\/giovanettihome.ch\/2025\/04\/14\/bueroraeume-der-zukunft\/"},"modified":"2025-04-14T02:41:05","modified_gmt":"2025-04-14T06:41:05","slug":"bueroraeume-der-zukunft","status":"publish","type":"post","link":"https:\/\/giovanettihome.ch\/de\/2025\/04\/14\/bueroraeume-der-zukunft\/","title":{"rendered":"B\u00fcror\u00e4ume der Zukunft"},"content":{"rendered":"\t\t<div data-elementor-type=\"wp-post\" data-elementor-id=\"3125\" class=\"elementor elementor-3125 elementor-3123\" data-elementor-post-type=\"post\">\n\t\t\t\t<div class=\"elementor-element elementor-element-7a99fde3 e-flex e-con-boxed e-con e-parent\" data-id=\"7a99fde3\" data-element_type=\"container\" data-e-type=\"container\">\n\t\t\t\t\t<div class=\"e-con-inner\">\n\t\t\t\t<div class=\"elementor-element elementor-element-49936f68 elementor-widget elementor-widget-text-editor\" data-id=\"49936f68\" data-element_type=\"widget\" data-e-type=\"widget\" data-widget_type=\"text-editor.default\">\n\t\t\t\t<div class=\"elementor-widget-container\">\n\t\t\t\t\t\t\t\t\t<p><span style=\"color: #000000\">Emanuele Giovanetti 14.4.2025 @2024 Giovanetti Home SA<\/span><\/p><header class=\"headline headline--content\"><h1 class=\"headline__title headline__title--content text-center \">DAS HYBRIDE B\u00dcRO DER ZUKUNFT<\/h1><\/header><div class=\"row ce-center ce-above\"><div class=\"col-12\"><div class=\"text\"><p>Die rasche Ausbreitung hybrider Arbeitsformen spiegelt einen bedeutenden Wandel in den Erwartungen der modernen Arbeitskr\u00e4fte wider. Heutzutage bevorzugen Arbeitnehmer Flexibilit\u00e4t und die Vereinbarkeit von Beruf und Privatleben und suchen ein Gef\u00fchl der Zugeh\u00f6rigkeit und Gemeinschaft am Arbeitsplatz. <\/p><p>Die neue Vision des B\u00fcros basiert auf einem \u00d6kosystem, das die Integration von Arbeit und Leben f\u00f6rdert und R\u00e4ume schafft, die einladend und sozial interaktiv sind. Das B\u00fcro wird nicht mehr als isolierter Ort betrachtet, sondern als Knotenpunkt, der Teil eines gr\u00f6\u00dferen Systems ist, zu dem auch \u00f6ffentliche R\u00e4ume und Wohnungen geh\u00f6ren. <\/p><p>Der Trend zur Work-Life-Integration l\u00f6st die traditionelle Work-Life-Balance ab. Mitarbeiter bevorzugen Umgebungen, die ihre Werte widerspiegeln und M\u00f6glichkeiten zur pers\u00f6nlichen Weiterentwicklung bieten. Dies erfordert eine Umgestaltung des Arbeitsplatzes, die das B\u00fcro zu einem Element eines gr\u00f6\u00dferen, flexibleren \u00d6kosystems macht.  <\/p><p>Hybride B\u00fcros sind so konzipiert, dass sie vielseitig einsetzbar sind und als Treffpunkt f\u00fcr individuelle und gemeinschaftliche Arbeit dienen. Diese R\u00e4ume sind mit M\u00f6beln ausgestattet, die an Gemeinschaftsr\u00e4ume wie Cafeterias und \u00f6ffentliche Bereiche erinnern, um die Produktivit\u00e4t und das Wohlbefinden der Mitarbeiter zu steigern. Das Design zielt darauf ab, eine Umgebung zu schaffen, die nicht nur funktioniert, sondern auch Kreativit\u00e4t und Zusammenarbeit anregt.  <\/p><p><strong>Zusammenfassend l\u00e4sst sich sagen, dass sich das hybride B\u00fcro der Zukunft an die aktuellen Bed\u00fcrfnisse anpassen und zu einer dynamischen Umgebung werden muss, die pers\u00f6nliches und berufliches Wachstum innerhalb eines integrierten und harmonischen Arbeits\u00f6kosystems unterst\u00fctzt.<\/strong><\/p><p> <\/p><p> <\/p><\/div><\/div><\/div>\t\t\t\t\t\t\t\t<\/div>\n\t\t\t\t<\/div>\n\t\t\t\t\t<\/div>\n\t\t\t\t<\/div>\n\t\t\t\t<\/div>\n\t\t","protected":false},"excerpt":{"rendered":"<p>Emanuele Giovanetti 14.4.2025 @2024 Giovanetti Home SA<\/p>\n<p>Die neue Vision des B\u00fcros basiert auf einem \u00d6kosystem, das die Integration von Arbeit und Leben f\u00f6rdert und R\u00e4ume schafft, die einladend und sozial interaktiv sind. Das B\u00fcro wird nicht mehr als isolierter Ort betrachtet, sondern als Knotenpunkt, der Teil eines gr\u00f6\u00dferen Systems ist, zu dem auch \u00f6ffentliche R\u00e4ume und Wohnungen geh\u00f6ren. <\/p>\n","protected":false},"author":10230,"featured_media":3129,"comment_status":"open","ping_status":"open","sticky":false,"template":"","format":"standard","meta":{"_seopress_robots_primary_cat":"","_seopress_titles_title":"","_seopress_titles_desc":"","_seopress_robots_index":"","footnotes":""},"categories":[196],"tags":[219,323,373,374,305,312,303,317,324,325,279,277,319,304,313,310,204,271,282,309,307,306,375,276,322,213,318,202,278,320,315,321],"class_list":["post-3125","post","type-post","status-publish","format-standard","has-post-thumbnail","hentry","category-umgebungen-die-emotionen-wecken","tag-asthetik-und-funktionalitat","tag-beruhmte-architekten","tag-buro","tag-burotrend","tag-covid-de","tag-datenschutz","tag-ein-zimmer-wohnung","tag-emotionale-dusche","tag-farbe","tag-farbliche-anpassung","tag-feng-shui-de","tag-funktionsweise","tag-haushaltsgerate","tag-kleiner-raum","tag-komfort","tag-kuche","tag-lebensstil","tag-masgeschneiderte-projekte","tag-mobel","tag-mobel-de-2","tag-multifunktional-de","tag-multifunktional","tag-multifunktionsburos","tag-nachhaltigkeit","tag-personlichkeit","tag-renovierung","tag-renovierung-des-badezimmers","tag-schone-hauser","tag-stile","tag-trainer","tag-wellness-de","tag-wohlbefinden"],"_links":{"self":[{"href":"https:\/\/giovanettihome.ch\/de\/wp-json\/wp\/v2\/posts\/3125","targetHints":{"allow":["GET"]}}],"collection":[{"href":"https:\/\/giovanettihome.ch\/de\/wp-json\/wp\/v2\/posts"}],"about":[{"href":"https:\/\/giovanettihome.ch\/de\/wp-json\/wp\/v2\/types\/post"}],"author":[{"embeddable":true,"href":"https:\/\/giovanettihome.ch\/de\/wp-json\/wp\/v2\/users\/10230"}],"replies":[{"embeddable":true,"href":"https:\/\/giovanettihome.ch\/de\/wp-json\/wp\/v2\/comments?post=3125"}],"version-history":[{"count":0,"href":"https:\/\/giovanettihome.ch\/de\/wp-json\/wp\/v2\/posts\/3125\/revisions"}],"wp:featuredmedia":[{"embeddable":true,"href":"https:\/\/giovanettihome.ch\/de\/wp-json\/wp\/v2\/media\/3129"}],"wp:attachment":[{"href":"https:\/\/giovanettihome.ch\/de\/wp-json\/wp\/v2\/media?parent=3125"}],"wp:term":[{"taxonomy":"category","embeddable":true,"href":"https:\/\/giovanettihome.ch\/de\/wp-json\/wp\/v2\/categories?post=3125"},{"taxonomy":"post_tag","embeddable":true,"href":"https:\/\/giovanettihome.ch\/de\/wp-json\/wp\/v2\/tags?post=3125"}],"curies":[{"name":"wp","href":"https:\/\/api.w.org\/{rel}","templated":true}]}}