{"id":3036,"date":"2025-03-11T08:35:56","date_gmt":"2025-03-11T12:35:56","guid":{"rendered":"https:\/\/giovanettihome.ch\/2025\/03\/11\/le-corbusier-er-war-einer-der-einflussreichsten-architekten-und-designer-des-20-jahrhunderts-und-hatte-eine-ganz-besondere-und-tiefgruendige-auffassung-von-der-verwendung-von-farben-in-der-architekt\/"},"modified":"2025-04-05T09:51:17","modified_gmt":"2025-04-05T13:51:17","slug":"le-corbusier-er-war-einer-der-einflussreichsten-architekten-und-designer-des-20-jahrhunderts-und-hatte-eine-ganz-besondere-und-tiefgruendige-auffassung-von-der-verwendung-von-farben-in-der-architekt","status":"publish","type":"post","link":"https:\/\/giovanettihome.ch\/de\/2025\/03\/11\/le-corbusier-er-war-einer-der-einflussreichsten-architekten-und-designer-des-20-jahrhunderts-und-hatte-eine-ganz-besondere-und-tiefgruendige-auffassung-von-der-verwendung-von-farben-in-der-architekt\/","title":{"rendered":"Le Corbusier: Er war einer der einflussreichsten Architekten und Designer des 20. Jahrhunderts und hatte eine ganz besondere und tiefgr\u00fcndige Auffassung von der Verwendung von Farben in der Architektur und Innenarchitektur."},"content":{"rendered":"\t\t<div data-elementor-type=\"wp-post\" data-elementor-id=\"3036\" class=\"elementor elementor-3036 elementor-1481\" data-elementor-post-type=\"post\">\n\t\t\t\t<div class=\"elementor-element elementor-element-7a99fde3 e-flex e-con-boxed e-con e-parent\" data-id=\"7a99fde3\" data-element_type=\"container\" data-e-type=\"container\">\n\t\t\t\t\t<div class=\"e-con-inner\">\n\t\t\t\t<div class=\"elementor-element elementor-element-49936f68 elementor-widget elementor-widget-text-editor\" data-id=\"49936f68\" data-element_type=\"widget\" data-e-type=\"widget\" data-widget_type=\"text-editor.default\">\n\t\t\t\t<div class=\"elementor-widget-container\">\n\t\t\t\t\t\t\t\t\t<p><span style=\"color: #000000\">Arch. Viola Curti 11.3.2025 @2024 Giovanetti Home SA<\/span><\/p>\n<p><span style=\"color: #000000\">Er war der festen \u00dcberzeugung, dass Farben nicht nur ein \u00e4sthetisches Element sind, sondern einen direkten Einfluss auf die Stimmung und das Verhalten der Menschen haben.<\/span><\/p>\n<p><span style=\"color: #000000\">1. Farbe und Emotion<\/span><\/p>\n<p><span style=\"color: #000000\">Le Corbusier meinte, dass Farben die Emotionen und Gef\u00fchle der Menschen beeinflussen k\u00f6nnen. Seiner Meinung nach konnte jede Farbe bestimmte Stimmungen hervorrufen. So konnten beispielsweise warme Farben wie Rot und Orange Gef\u00fchle von Energie und Vitalit\u00e4t hervorrufen, w\u00e4hrend k\u00fchle Farben wie Blau und Gr\u00fcn eher zu Entspannung und Gelassenheit f\u00fchrten. Diese Beziehung zwischen Farbe und der menschlichen Psyche war ein grundlegender Bestandteil seines Ansatzes zur Raumgestaltung.   <\/span><\/p>\n<p><span style=\"color: #000000\">2. Palette von Farben<\/span><\/p>\n<p><span style=\"color: #000000\">Im Laufe seiner Karriere entwickelte Le Corbusier eine Farbpalette namens &#8218;Polychromie Architecturale&#8216;, eine Auswahl von Farben, die speziell f\u00fcr die Architektur entwickelt wurde. Diese Palette umfasste eine breite Palette von Farben, von denen jede eine wirksame psychologische Funktion hatte. Die Auswahl der Farben war nicht willk\u00fcrlich. Jeder Farbton sollte harmonisch mit der Umgebung interagieren und die Erfahrung derjenigen, die in einem Raum leben oder ihn besuchen, positiv beeinflussen.  <\/span><\/p>\n<p><span style=\"color: #000000\">3. Funktion und Atmosph\u00e4re<\/span><\/p>\n<p><span style=\"color: #000000\">Le Corbusier war der Meinung, dass Farbe auch eine funktionale Rolle bei der Definition von R\u00e4umen und Atmosph\u00e4ren spielen kann. So verwendete er zum Beispiel hellere Farben in Bereichen, die f\u00fcr soziale Interaktion gedacht waren, wie Esszimmer oder Wohnzimmer, w\u00e4hrend er neutralere und ruhigere T\u00f6ne f\u00fcr private oder ruhige R\u00e4ume, wie Schlafzimmer oder Arbeitszimmer, bevorzugte. Dieser Ansatz schuf nicht nur eine faszinierende \u00c4sthetik, sondern trug auch zu einem angemessenen emotionalen Erlebnis in jedem Raum bei.  <\/span><\/p>\n<p><span style=\"color: #000000\">4. Kulturelle Perspektive<\/span><\/p>\n<p><span style=\"color: #000000\">Dar\u00fcber hinaus ber\u00fccksichtigte Le Corbusier auch den kulturellen und sozialen Kontext, in dem Farben verwendet wurden. Er war sich bewusst, dass die Farbwahrnehmung von einer Kultur zur anderen sehr unterschiedlich sein kann und dass die Farbgestaltung daher die lokalen Empfindlichkeiten und kulturellen Erfahrungen ber\u00fccksichtigen sollte. <\/span><\/p>\n<p><span style=\"color: #000000\">5. Praktische Anwendungen<\/span><\/p>\n<p><span style=\"color: #000000\">Le Corbusiers Ideen \u00fcber Farben wurden in vielen seiner Projekte umgesetzt, wie zum Beispiel in der ber\u00fchmten Unit\u00e9 d&#8217;Habitation in Marseille, wo der strategische Einsatz von Farben nicht nur zur \u00e4sthetischen Attraktivit\u00e4t des Geb\u00e4udes, sondern auch zum Wohlbefinden seiner Bewohner beitrug.<\/span><\/p>\n<p><span style=\"color: #000000\">Zusammenfassend l\u00e4sst sich sagen, dass die Verbindung zwischen Farbe und Stimmung in Le Corbusiers Vision in der \u00dcberzeugung verwurzelt war, dass Design das Leben der Menschen beeinflussen kann und sollte. Durch den sorgf\u00e4ltigen und bewussten Einsatz von Farben versuchte er, Umgebungen zu schaffen, die positive Emotionen, Komfort und eine bessere Lebensqualit\u00e4t f\u00f6rdern. <\/span><\/p>\n<p> <\/p>\n<p><\/p>\n<p><\/p>\n<p> <\/p>\n<p><\/p>\t\t\t\t\t\t\t\t<\/div>\n\t\t\t\t<\/div>\n\t\t\t\t\t<\/div>\n\t\t\t\t<\/div>\n\t\t\t\t<\/div>\n\t\t","protected":false},"excerpt":{"rendered":"<p>Arch. Viola Curti 11.3.2025 @2024 Giovanetti Home SA<\/p>\n<p>Er war der festen \u00dcberzeugung, dass Farben nicht nur ein \u00e4sthetisches Element sind, sondern einen direkten Einfluss auf die Stimmung und das Verhalten der Menschen haben.<\/p>\n","protected":false},"author":10230,"featured_media":2733,"comment_status":"open","ping_status":"open","sticky":false,"template":"","format":"standard","meta":{"_seopress_robots_primary_cat":"","_seopress_titles_title":"","_seopress_titles_desc":"","_seopress_robots_index":"","footnotes":""},"categories":[302],"tags":[219,323,305,312,303,317,324,325,279,277,319,304,313,310,204,271,282,309,306,307,276,322,213,318,202,278,320,315,321],"class_list":["post-3036","post","type-post","status-publish","format-standard","has-post-thumbnail","hentry","category-lektionen-von-den-grosen-meistern","tag-asthetik-und-funktionalitat","tag-beruhmte-architekten","tag-covid-de","tag-datenschutz","tag-ein-zimmer-wohnung","tag-emotionale-dusche","tag-farbe","tag-farbliche-anpassung","tag-feng-shui-de","tag-funktionsweise","tag-haushaltsgerate","tag-kleiner-raum","tag-komfort","tag-kuche","tag-lebensstil","tag-masgeschneiderte-projekte","tag-mobel","tag-mobel-de-2","tag-multifunktional","tag-multifunktional-de","tag-nachhaltigkeit","tag-personlichkeit","tag-renovierung","tag-renovierung-des-badezimmers","tag-schone-hauser","tag-stile","tag-trainer","tag-wellness-de","tag-wohlbefinden"],"_links":{"self":[{"href":"https:\/\/giovanettihome.ch\/de\/wp-json\/wp\/v2\/posts\/3036","targetHints":{"allow":["GET"]}}],"collection":[{"href":"https:\/\/giovanettihome.ch\/de\/wp-json\/wp\/v2\/posts"}],"about":[{"href":"https:\/\/giovanettihome.ch\/de\/wp-json\/wp\/v2\/types\/post"}],"author":[{"embeddable":true,"href":"https:\/\/giovanettihome.ch\/de\/wp-json\/wp\/v2\/users\/10230"}],"replies":[{"embeddable":true,"href":"https:\/\/giovanettihome.ch\/de\/wp-json\/wp\/v2\/comments?post=3036"}],"version-history":[{"count":0,"href":"https:\/\/giovanettihome.ch\/de\/wp-json\/wp\/v2\/posts\/3036\/revisions"}],"wp:featuredmedia":[{"embeddable":true,"href":"https:\/\/giovanettihome.ch\/de\/wp-json\/wp\/v2\/media\/2733"}],"wp:attachment":[{"href":"https:\/\/giovanettihome.ch\/de\/wp-json\/wp\/v2\/media?parent=3036"}],"wp:term":[{"taxonomy":"category","embeddable":true,"href":"https:\/\/giovanettihome.ch\/de\/wp-json\/wp\/v2\/categories?post=3036"},{"taxonomy":"post_tag","embeddable":true,"href":"https:\/\/giovanettihome.ch\/de\/wp-json\/wp\/v2\/tags?post=3036"}],"curies":[{"name":"wp","href":"https:\/\/api.w.org\/{rel}","templated":true}]}}