{"id":3035,"date":"2025-02-24T06:27:42","date_gmt":"2025-02-24T11:27:42","guid":{"rendered":"https:\/\/giovanettihome.ch\/2025\/02\/24\/beruehmte-und-anerkannte-architekten-neigen-dazu-raeume-zu-gestalten-die-ihren-persoenlichen-stil-widerspiegeln\/"},"modified":"2025-04-05T09:50:56","modified_gmt":"2025-04-05T13:50:56","slug":"beruehmte-und-anerkannte-architekten-neigen-dazu-raeume-zu-gestalten-die-ihren-persoenlichen-stil-widerspiegeln","status":"publish","type":"post","link":"https:\/\/giovanettihome.ch\/de\/2025\/02\/24\/beruehmte-und-anerkannte-architekten-neigen-dazu-raeume-zu-gestalten-die-ihren-persoenlichen-stil-widerspiegeln\/","title":{"rendered":"Ber\u00fchmte und anerkannte Architekten neigen dazu, R\u00e4ume zu gestalten, die ihren pers\u00f6nlichen Stil widerspiegeln"},"content":{"rendered":"\t\t<div data-elementor-type=\"wp-post\" data-elementor-id=\"3035\" class=\"elementor elementor-3035 elementor-1455\" data-elementor-post-type=\"post\">\n\t\t\t\t<div class=\"elementor-element elementor-element-7a99fde3 e-flex e-con-boxed e-con e-parent\" data-id=\"7a99fde3\" data-element_type=\"container\" data-e-type=\"container\">\n\t\t\t\t\t<div class=\"e-con-inner\">\n\t\t\t\t<div class=\"elementor-element elementor-element-49936f68 elementor-widget elementor-widget-text-editor\" data-id=\"49936f68\" data-element_type=\"widget\" data-e-type=\"widget\" data-widget_type=\"text-editor.default\">\n\t\t\t\t<div class=\"elementor-widget-container\">\n\t\t\t\t\t\t\t\t\t<p><span style=\"color: #000000\">Arch. Viola Curti 24.2.2025 @2024 Giovanetti Home SA<\/span><\/p>\n<p><span style=\"color: #000000\">Ber\u00fchmte und anerkannte Architekten neigen dazu, R\u00e4ume zu gestalten, die ihren pers\u00f6nlichen Stil, ihre \u00e4sthetische Vision und ihre Designphilosophien widerspiegeln. Es gibt jedoch mehrere Gr\u00fcnde, warum sie Ans\u00e4tze w\u00e4hlen, die nicht immer mit den individuellen Vorlieben ihrer Kunden \u00fcbereinstimmen: <\/span><\/p>\n<ul>\n<li><span style=\"color: #000000\">Viele Architekten betrachten Design als ein Mittel des k\u00fcnstlerischen Ausdrucks. Ihre Arbeit spiegelt oft ihren einzigartigen Stil und ihre Designvorstellungen wider. Dies kann zu Kreationen f\u00fchren, die eher eine Manifestation ihrer Vision sind als eine ma\u00dfgeschneiderte Reaktion auf die W\u00fcnsche des Kunden. <\/span><br><span style=\"color: #000000\">Renommierte Architekten haben m\u00f6glicherweise eine unverwechselbare Marke, die sie sofort erkennbar macht. Dies kann zu ihrem Ruf und dem Wert ihrer Arbeit beitragen, bedeutet aber auch, dass Kunden sich eher von ihrem Stil angezogen f\u00fchlen, als dass sie nach einer streng ma\u00dfgeschneiderten Umgebung suchen. <\/span><\/li>\n<\/ul>\n<p> <\/p>\n<ul>\n<li><span style=\"color: #000000\">Wenn sich Kunden an renommierte Architekten wenden, tun sie dies oft, weil sie ihren eigenen Stil w\u00fcnschen. Diese Kunden suchen vielleicht nach architektonischen Kunstwerken, die die Vision des Architekten verk\u00f6rpern und nicht einfach nur funktional sind. <\/span><br><span style=\"color: #000000\">Viele der ber\u00fchmtesten Werke der Architektur werden zu Wahrzeichen oder ikonischen Werken. In diesen F\u00e4llen kann sich die Vision des Architekten gegen\u00fcber der des Bauherrn durchsetzen, da sie etwas Einzigartiges und Unvergessliches schaffen wollen. <\/span><\/li>\n<\/ul>\n<p> <\/p>\n<ul>\n<li><span style=\"color: #000000\">Architekten stellen sich oft der Herausforderung, das Konzept der Bewohnbarkeit zu erneuern und neu zu definieren. Das kann bedeuten, dass der Architekt Ideen entwickelt, die traditionelle Normen in Frage stellen, indem er das Design innovativ gestaltet, anstatt sich an etablierte Paradigmen zu halten, &#8222;wie ein Haus aussehen sollte&#8220;. <\/span><br><span style=\"color: #000000\">Viele Architekten versuchen, technische oder \u00f6kologische Probleme durch Design zu l\u00f6sen. Das kann zu L\u00f6sungen f\u00fchren, die f\u00fcr den Kunden nicht sofort intuitiv sind, die aber eine Antwort auf die Herausforderungen unserer Zeit darstellen.<\/span><\/li>\n<\/ul>\n<p> <\/p>\n<ul>\n<li><span style=\"color: #000000\">Einige Architekten konzentrieren sich auf die Beziehung zwischen dem Geb\u00e4ude und seinem Kontext und ber\u00fccksichtigen dabei Kultur, Geschichte und Umgebung. Dies kann die Designentscheidungen stark beeinflussen und zu R\u00e4umen f\u00fchren, die nicht unbedingt den Geschmack des einzelnen Kunden widerspiegeln, sondern im Dialog mit der Umgebung gestaltet werden. <\/span><\/li>\n<\/ul>\n<p> <\/p>\n<ul>\n<li><span style=\"color: #000000\">Auch wenn sich die Vision eines Architekten durchsetzen mag, gibt es Situationen, in denen er zwischen den \u00e4sthetischen Vorlieben des Kunden und seinen eigenen Ideen vermitteln muss. In vielen F\u00e4llen sind die endg\u00fcltigen Entw\u00fcrfe das Ergebnis eines Kompromisses, zu dem beide Seiten in Form und Funktion beitragen. <\/span><\/li>\n<\/ul>\n<p> <\/p>\n<ul>\n<li><span style=\"color: #000000\">Architekten sind darin geschult, verschiedene Faktoren zu ber\u00fccksichtigen, darunter \u00c4sthetik, Funktionalit\u00e4t, Nachhaltigkeit und Sicherheit. Daher kann es vorkommen, dass sie in der \u00dcberzeugung, eine lebenswerte und harmonische Umgebung schaffen zu k\u00f6nnen, ihre Visionen manchmal auf Kosten der tats\u00e4chlichen Anforderungen durchsetzen. <\/span><\/li>\n<\/ul>\n<p><span style=\"color: #000000\">SCHLUSSFOLGERUNG:<\/span><\/p>\n<p><span style=\"color: #000000\">Auch wenn erfolgreiche Architekten R\u00e4ume entwerfen, die ihr \u00e4sthetisches Empfinden und ihre Visionen widerspiegeln, m\u00fcssen Sie sich dar\u00fcber im Klaren sein, dass dies in vielen F\u00e4llen das Ergebnis einer komplexen Interaktion zwischen ihrem Stil und den Bed\u00fcrfnissen des Kunden ist. Die besten Architekten sind in der Lage, ein Gleichgewicht zwischen pers\u00f6nlichem Ausdruck und funktionalen Anforderungen zu finden und so R\u00e4ume zu schaffen, die zwar eine starke pers\u00f6nliche Note haben, aber dennoch mit den Erfahrungen und Bed\u00fcrfnissen der Menschen, die diese R\u00e4ume bewohnen, in Einklang stehen. <\/span><\/p>\n<p> <\/p>\n<p><\/p>\n<p><\/p>\n<p> <\/p>\n<p><\/p>\t\t\t\t\t\t\t\t<\/div>\n\t\t\t\t<\/div>\n\t\t\t\t\t<\/div>\n\t\t\t\t<\/div>\n\t\t\t\t<\/div>\n\t\t","protected":false},"excerpt":{"rendered":"<p>Arch. Viola Curti 24.2.2025 @2024 Giovanetti Home SA<br \/>\nBer\u00fchmte und anerkannte Architekten neigen dazu, R\u00e4ume zu gestalten, die ihren pers\u00f6nlichen Stil, ihre \u00e4sthetische Vision und ihre Designphilosophien widerspiegeln. Es gibt jedoch mehrere Gr\u00fcnde, warum sie Ans\u00e4tze w\u00e4hlen, die nicht immer mit den individuellen Vorlieben ihrer Kunden \u00fcbereinstimmen. <\/p>\n","protected":false},"author":10230,"featured_media":2641,"comment_status":"open","ping_status":"open","sticky":false,"template":"","format":"standard","meta":{"_seopress_robots_primary_cat":"","_seopress_titles_title":"","_seopress_titles_desc":"","_seopress_robots_index":"","footnotes":""},"categories":[302],"tags":[219,323,305,312,303,317,279,277,319,304,313,310,204,271,282,309,306,307,276,322,213,318,202,278,320,315,321],"class_list":["post-3035","post","type-post","status-publish","format-standard","has-post-thumbnail","hentry","category-lektionen-von-den-grosen-meistern","tag-asthetik-und-funktionalitat","tag-beruhmte-architekten","tag-covid-de","tag-datenschutz","tag-ein-zimmer-wohnung","tag-emotionale-dusche","tag-feng-shui-de","tag-funktionsweise","tag-haushaltsgerate","tag-kleiner-raum","tag-komfort","tag-kuche","tag-lebensstil","tag-masgeschneiderte-projekte","tag-mobel","tag-mobel-de-2","tag-multifunktional","tag-multifunktional-de","tag-nachhaltigkeit","tag-personlichkeit","tag-renovierung","tag-renovierung-des-badezimmers","tag-schone-hauser","tag-stile","tag-trainer","tag-wellness-de","tag-wohlbefinden"],"_links":{"self":[{"href":"https:\/\/giovanettihome.ch\/de\/wp-json\/wp\/v2\/posts\/3035","targetHints":{"allow":["GET"]}}],"collection":[{"href":"https:\/\/giovanettihome.ch\/de\/wp-json\/wp\/v2\/posts"}],"about":[{"href":"https:\/\/giovanettihome.ch\/de\/wp-json\/wp\/v2\/types\/post"}],"author":[{"embeddable":true,"href":"https:\/\/giovanettihome.ch\/de\/wp-json\/wp\/v2\/users\/10230"}],"replies":[{"embeddable":true,"href":"https:\/\/giovanettihome.ch\/de\/wp-json\/wp\/v2\/comments?post=3035"}],"version-history":[{"count":0,"href":"https:\/\/giovanettihome.ch\/de\/wp-json\/wp\/v2\/posts\/3035\/revisions"}],"wp:featuredmedia":[{"embeddable":true,"href":"https:\/\/giovanettihome.ch\/de\/wp-json\/wp\/v2\/media\/2641"}],"wp:attachment":[{"href":"https:\/\/giovanettihome.ch\/de\/wp-json\/wp\/v2\/media?parent=3035"}],"wp:term":[{"taxonomy":"category","embeddable":true,"href":"https:\/\/giovanettihome.ch\/de\/wp-json\/wp\/v2\/categories?post=3035"},{"taxonomy":"post_tag","embeddable":true,"href":"https:\/\/giovanettihome.ch\/de\/wp-json\/wp\/v2\/tags?post=3035"}],"curies":[{"name":"wp","href":"https:\/\/api.w.org\/{rel}","templated":true}]}}