{"id":2993,"date":"2024-10-04T11:15:10","date_gmt":"2024-10-04T15:15:10","guid":{"rendered":"https:\/\/giovanettihome.ch\/2024\/10\/04\/wiederentdeckung-der-eigenen-identitaet-erinnerungen-und-beziehungen\/"},"modified":"2025-04-05T09:37:50","modified_gmt":"2025-04-05T13:37:50","slug":"wiederentdeckung-der-eigenen-identitaet-erinnerungen-und-beziehungen","status":"publish","type":"post","link":"https:\/\/giovanettihome.ch\/de\/2024\/10\/04\/wiederentdeckung-der-eigenen-identitaet-erinnerungen-und-beziehungen\/","title":{"rendered":"Wiederentdeckung der eigenen Identit\u00e4t, Erinnerungen und Beziehungen"},"content":{"rendered":"\n<p><strong>Wohnen ist eine dem Menschen innewohnende Erfahrung<\/strong>, ein tiefes Bed\u00fcrfnis, das uns an einen bestimmten Ort und eine bestimmte Zeit bindet. Wie Freud schon sagte, ist das Zuhause oft eine Metapher f\u00fcr den Mutterleib, die erste sichere und sch\u00fctzende Zuflucht. Der bewohnte Raum, sei es eine H\u00fctte oder eine Metropole, ist <strong>mehr als nur eine physische Struktur<\/strong>: Er ist ein Ort, an dem praktische und symbolische Bed\u00fcrfnisse ineinandergreifen. In ihm baut das Individuum seine Identit\u00e4t, seine Erinnerungen und seine Beziehungen auf. Die <strong>Urspr\u00fcnge des Wohnens <\/strong>verlieren sich im Nebel der Zeit. Die ersten Formen der Behausung, einfache nat\u00fcrliche Behausungen, zeugen von dem angeborenen Bed\u00fcrfnis, sich vor den Elementen zu sch\u00fctzen und einen eigenen Raum abzugrenzen. Mit dem Aufkommen des Ackerbaus und der damit einhergehenden Sesshaftigkeit entwickelte sich das Wohnen weiter und f\u00fchrte zu immer komplexeren und gegliederten Konstruktionen.        <\/p>\n\n<p>Das Zuhause ist also nicht nur ein materieller Schutz, sondern auch ein kultureller Ausdruck, ein Symbol der Zugeh\u00f6rigkeit und Identit\u00e4t. Seine Formen und Bedeutungen variieren je nach Epoche, Gesellschaft und Kultur, aber das grundlegende Bed\u00fcrfnis zu wohnen bleibt universell. <strong>Einen Raum zu bewohnen<\/strong>, bedeutet im anthropologischen Sinne des Wortes viel mehr als nur ein physisches Volumen zu besetzen. Es ist ein kreativer Akt, ein tiefes Eintauchen, in das wir unsere Sehns\u00fcchte, Tr\u00e4ume und Erinnerungen einbringen und so einen einfachen Raum in einen &#8222;Ort&#8220; verwandeln, der uns geh\u00f6rt und unsere Identit\u00e4t widerspiegelt. <strong>Marc Aug\u00e9<\/strong> erinnert uns daran, dass <strong>der Mensch ein soziales Wesen ist<\/strong>, das untrennbar mit Orten verbunden ist. Wir konstruieren und rekonstruieren unsere Umgebung st\u00e4ndig und formen sie nach unserem eigenen Bild, so wie wir auch sinnvolle Beziehungen zu anderen brauchen. An diesen Orten wird unsere Identit\u00e4t geformt, verfeinert und ver\u00e4ndert, in einem st\u00e4ndigen Dialog mit der Au\u00dfenwelt.      <\/p>\n\n<p class=\"has-black-color has-text-color has-link-color wp-elements-9ac00cf961d1ea846fe5a532228b76c6\"><\/p>\n","protected":false},"excerpt":{"rendered":"<p>Der bewohnte Raum, sei es eine H\u00fctte oder eine Metropole, ist mehr als nur eine physische Struktur: Er ist ein Ort, an dem praktische und symbolische Bed\u00fcrfnisse ineinandergreifen. In ihm konstruiert das Individuum seine eigene Identit\u00e4t, seine Erinnerungen und Beziehungen. <\/p>\n","protected":false},"author":10230,"featured_media":1929,"comment_status":"open","ping_status":"open","sticky":false,"template":"","format":"standard","meta":{"_seopress_robots_primary_cat":"","_seopress_titles_title":"","_seopress_titles_desc":"","_seopress_robots_index":"","footnotes":""},"categories":[196],"tags":[198,199,201,193,178,200,203,202,197],"class_list":["post-2993","post","type-post","status-publish","format-standard","has-post-thumbnail","hentry","category-umgebungen-die-emotionen-wecken","tag-baumhaus","tag-holzerne-hauser","tag-hutten-de","tag-hutten","tag-kleine-wohnungen","tag-landhaus","tag-landliche-hauser","tag-schone-hauser","tag-startseite"],"_links":{"self":[{"href":"https:\/\/giovanettihome.ch\/de\/wp-json\/wp\/v2\/posts\/2993","targetHints":{"allow":["GET"]}}],"collection":[{"href":"https:\/\/giovanettihome.ch\/de\/wp-json\/wp\/v2\/posts"}],"about":[{"href":"https:\/\/giovanettihome.ch\/de\/wp-json\/wp\/v2\/types\/post"}],"author":[{"embeddable":true,"href":"https:\/\/giovanettihome.ch\/de\/wp-json\/wp\/v2\/users\/10230"}],"replies":[{"embeddable":true,"href":"https:\/\/giovanettihome.ch\/de\/wp-json\/wp\/v2\/comments?post=2993"}],"version-history":[{"count":0,"href":"https:\/\/giovanettihome.ch\/de\/wp-json\/wp\/v2\/posts\/2993\/revisions"}],"wp:featuredmedia":[{"embeddable":true,"href":"https:\/\/giovanettihome.ch\/de\/wp-json\/wp\/v2\/media\/1929"}],"wp:attachment":[{"href":"https:\/\/giovanettihome.ch\/de\/wp-json\/wp\/v2\/media?parent=2993"}],"wp:term":[{"taxonomy":"category","embeddable":true,"href":"https:\/\/giovanettihome.ch\/de\/wp-json\/wp\/v2\/categories?post=2993"},{"taxonomy":"post_tag","embeddable":true,"href":"https:\/\/giovanettihome.ch\/de\/wp-json\/wp\/v2\/tags?post=2993"}],"curies":[{"name":"wp","href":"https:\/\/api.w.org\/{rel}","templated":true}]}}